{"id":7527,"date":"2023-02-14T13:21:47","date_gmt":"2023-02-14T12:21:47","guid":{"rendered":"https:\/\/ortafyc.com\/?p=7527"},"modified":"2023-02-16T13:25:53","modified_gmt":"2023-02-16T12:25:53","slug":"que-es-mei","status":"publish","type":"post","link":"https:\/\/ortafyc.com\/en\/2023\/02\/14\/que-es-mei\/","title":{"rendered":"\u00bfQu\u00e9 es el MEI y a qui\u00e9n afecta?"},"content":{"rendered":"<p>Desde el 1 de enero de 2023, un nuevo impuesto llamado Mecanismo de Equidad Intergeneracional (MEI) se ha incorporado en las n\u00f3minas. Puede que no te suene pero quiz\u00e1s lo notas si has visto que tu n\u00f3mina es algo diferente desde 2023. Sigue leyendo y te explico en qu\u00e9 consiste el MEI y c\u00f3mo te afecta.\u00a0<\/p>\n\n\n\n<h2 class=\"wp-block-heading\">\u00bfQu\u00e9 es el MEI?<\/h2>\n\n\n\n<p>Esto se debe al <a href=\"https:\/\/www.boe.es\/eli\/es\/l\/2021\/12\/28\/21\" target=\"_blank\" rel=\"noreferrer noopener\">proyecto de ley de garant\u00eda del poder adquisitivo de las pensiones y otras medidas de refuerzo de la sostenibilidad del sistema<\/a>. En t\u00e9rminos simples, el MEI es un aumento de las cotizaciones por contingencias comunes del 0,6%, distribuido de la misma forma que las cotizaciones sociales. La empresa y el trabajador asumir\u00e1n el 0,5% y el 0,1%, respectivamente.<\/p>\n\n\n\n<p>Para un sueldo medio de unos 2.000 euros mensuales, esta nueva imposici\u00f3n supondr\u00eda una cotizaci\u00f3n mensual de 12 euros, de los cuales dos euros los pagar\u00eda el trabajador y 10, la empresa.&nbsp;<\/p>\n\n\n\n<p>El objetivo es que el MEI aporte entre 2.000 y 3.000 millones de euros anuales al Fondo de Reserva, la llamada \u201chucha de las pensiones\u201d, para utilizar en caso de ser necesario. La vigencia de este tributo se extender\u00e1 durante los pr\u00f3ximos 10 a\u00f1os, hasta 2033.<\/p>\n\n\n\n<p>Sin embargo, el MEI est\u00e1 siendo criticado por parte de los expertos en pensiones. Aseguran que medidas como esta o la revalorizaci\u00f3n de las prestaciones ponen en riesgo el sistema y pueden empeorar el d\u00e9ficit del mismo.<\/p>\n\n\n\n<p>El MEI se suma a otras medidas que se han adoptado para garantizar la sostenibilidad del sistema, como la subida de cotizaciones de las bases m\u00e1ximas durante 25 a\u00f1os por encima de la inflaci\u00f3n y la ampliaci\u00f3n del per\u00edodo de c\u00e1lculo para acceder a la pensi\u00f3n. El gobierno espa\u00f1ol ha manifestado que estas medidas buscan cuadrar las cuentas y garantizar el poder adquisitivo de las pensiones.&nbsp;<\/p>\n\n\n\n<p>En resumen, el MEI es un nuevo impuesto que se incorpora a las n\u00f3minas para garantizar la sostenibilidad del sistema de pensiones en Espa\u00f1a.<\/p>\n\n\n\n<p>Si tienes dudas sobre este y otros impuestos que te afectan como trabajador o aut\u00f3nomo, es el momento de cambiar de gestor\u00eda. Contacta conmigo para que te explique en detalle todo lo que Orta FYC puede hacer por ti y por resolver tus dudas laborales y financieras.&nbsp;<\/p>\n\n\n\n<p>Ll\u00e1manos o <a href=\"https:\/\/ortafyc.com\/en\/contacto\/\" target=\"_blank\" rel=\"noreferrer noopener\">env\u00edanos un mensaje a trav\u00e9s de la web<\/a> y estaremos encantados de ayudarte. \u00a1Adelante!<\/p>","protected":false},"excerpt":{"rendered":"<p>Desde el 1 de enero de 2023, un nuevo impuesto llamado Mecanismo de Equidad Intergeneracional (MEI) se ha incorporado en las n\u00f3minas. Puede que no te suene pero quiz\u00e1s lo notas si has visto que tu n\u00f3mina es algo diferente desde 2023. Sigue leyendo y te explico en qu\u00e9 consiste el MEI y c\u00f3mo te [&hellip;]<\/p>\n","protected":false},"author":7,"featured_media":7528,"comment_status":"open","ping_status":"open","sticky":false,"template":"","format":"standard","meta":{"_monsterinsights_skip_tracking":false,"_monsterinsights_sitenote_active":false,"_monsterinsights_sitenote_note":"","_monsterinsights_sitenote_category":0,"ocean_post_layout":"","ocean_both_sidebars_style":"","ocean_both_sidebars_content_width":0,"ocean_both_sidebars_sidebars_width":0,"ocean_sidebar":"0","ocean_second_sidebar":"0","ocean_disable_margins":"enable","ocean_add_body_class":"","ocean_shortcode_before_top_bar":"","ocean_shortcode_after_top_bar":"","ocean_shortcode_before_header":"","ocean_shortcode_after_header":"","ocean_has_shortcode":"","ocean_shortcode_after_title":"","ocean_shortcode_before_footer_widgets":"","ocean_shortcode_after_footer_widgets":"","ocean_shortcode_before_footer_bottom":"","ocean_shortcode_after_footer_bottom":"","ocean_display_top_bar":"default","ocean_display_header":"default","ocean_header_style":"","ocean_center_header_left_menu":"0","ocean_custom_header_template":"0","ocean_custom_logo":0,"ocean_custom_retina_logo":0,"ocean_custom_logo_max_width":0,"ocean_custom_logo_tablet_max_width":0,"ocean_custom_logo_mobile_max_width":0,"ocean_custom_logo_max_height":0,"ocean_custom_logo_tablet_max_height":0,"ocean_custom_logo_mobile_max_height":0,"ocean_header_custom_menu":"0","ocean_menu_typo_font_family":"0","ocean_menu_typo_font_subset":"","ocean_menu_typo_font_size":0,"ocean_menu_typo_font_size_tablet":0,"ocean_menu_typo_font_size_mobile":0,"ocean_menu_typo_font_size_unit":"px","ocean_menu_typo_font_weight":"","ocean_menu_typo_font_weight_tablet":"","ocean_menu_typo_font_weight_mobile":"","ocean_menu_typo_transform":"","ocean_menu_typo_transform_tablet":"","ocean_menu_typo_transform_mobile":"","ocean_menu_typo_line_height":0,"ocean_menu_typo_line_height_tablet":0,"ocean_menu_typo_line_height_mobile":0,"ocean_menu_typo_line_height_unit":"","ocean_menu_typo_spacing":0,"ocean_menu_typo_spacing_tablet":0,"ocean_menu_typo_spacing_mobile":0,"ocean_menu_typo_spacing_unit":"","ocean_menu_link_color":"","ocean_menu_link_color_hover":"","ocean_menu_link_color_active":"","ocean_menu_link_background":"","ocean_menu_link_hover_background":"","ocean_menu_link_active_background":"","ocean_menu_social_links_bg":"","ocean_menu_social_hover_links_bg":"","ocean_menu_social_links_color":"","ocean_menu_social_hover_links_color":"","ocean_disable_title":"default","ocean_disable_heading":"default","ocean_post_title":"","ocean_post_subheading":"","ocean_post_title_style":"","ocean_post_title_background_color":"","ocean_post_title_background":0,"ocean_post_title_bg_image_position":"","ocean_post_title_bg_image_attachment":"","ocean_post_title_bg_image_repeat":"","ocean_post_title_bg_image_size":"","ocean_post_title_height":0,"ocean_post_title_bg_overlay":0.5,"ocean_post_title_bg_overlay_color":"","ocean_disable_breadcrumbs":"default","ocean_breadcrumbs_color":"","ocean_breadcrumbs_separator_color":"","ocean_breadcrumbs_links_color":"","ocean_breadcrumbs_links_hover_color":"","ocean_display_footer_widgets":"default","ocean_display_footer_bottom":"default","ocean_custom_footer_template":"0","ocean_post_oembed":"","ocean_post_self_hosted_media":"","ocean_post_video_embed":"","ocean_link_format":"","ocean_link_format_target":"self","ocean_quote_format":"","ocean_quote_format_link":"post","ocean_gallery_link_images":"off","ocean_gallery_id":[],"footnotes":""},"categories":[20],"tags":[],"class_list":["post-7527","post","type-post","status-publish","format-standard","has-post-thumbnail","hentry","category-categoria-de-ejemplo-1","entry","has-media","owp-thumbs-layout-horizontal","owp-btn-normal","owp-tabs-layout-horizontal","has-no-thumbnails","has-product-nav"],"yoast_head":"<!-- This site is optimized with the Yoast SEO plugin v27.4 - https:\/\/yoast.com\/product\/yoast-seo-wordpress\/ -->\n<title>\u00bfQu\u00e9 es el MEI y a qui\u00e9n afecta? - Orta Fiscalidad y Contabilidad<\/title>\n<meta name=\"description\" content=\"Desde el 1 de enero de 2023, un nuevo impuesto llamado Mecanismo de Equidad Intergeneracional (MEI) se ha incorporado en las n\u00f3minas.\" \/>\n<meta name=\"robots\" content=\"index, follow, max-snippet:-1, max-image-preview:large, max-video-preview:-1\" \/>\n<link rel=\"canonical\" href=\"https:\/\/ortafyc.com\/en\/2023\/02\/14\/que-es-mei\/\" \/>\n<meta property=\"og:locale\" content=\"en_US\" \/>\n<meta property=\"og:type\" content=\"article\" \/>\n<meta property=\"og:title\" content=\"\u00bfQu\u00e9 es el MEI y a qui\u00e9n afecta? - Orta Fiscalidad y Contabilidad\" \/>\n<meta property=\"og:description\" content=\"Desde el 1 de enero de 2023, un nuevo impuesto llamado Mecanismo de Equidad Intergeneracional (MEI) se ha incorporado en las n\u00f3minas.\" \/>\n<meta property=\"og:url\" content=\"https:\/\/ortafyc.com\/en\/2023\/02\/14\/que-es-mei\/\" \/>\n<meta property=\"og:site_name\" content=\"Orta Fiscalidad y Contabilidad\" \/>\n<meta property=\"article:publisher\" content=\"https:\/\/www.facebook.com\/ortafyc\" \/>\n<meta property=\"article:published_time\" content=\"2023-02-14T12:21:47+00:00\" \/>\n<meta property=\"article:modified_time\" content=\"2023-02-16T12:25:53+00:00\" \/>\n<meta property=\"og:image\" content=\"https:\/\/ortafyc.com\/wp-content\/uploads\/mei.jpg\" \/>\n\t<meta property=\"og:image:width\" content=\"299\" \/>\n\t<meta property=\"og:image:height\" content=\"168\" \/>\n\t<meta property=\"og:image:type\" content=\"image\/jpeg\" \/>\n<meta name=\"author\" content=\"Ortafyc\" \/>\n<meta name=\"twitter:card\" content=\"summary_large_image\" \/>\n<meta name=\"twitter:label1\" content=\"Written by\" \/>\n\t<meta name=\"twitter:data1\" content=\"Ortafyc\" \/>\n\t<meta name=\"twitter:label2\" content=\"Est. reading time\" \/>\n\t<meta name=\"twitter:data2\" content=\"2 minutes\" \/>\n<script type=\"application\/ld+json\" class=\"yoast-schema-graph\">{\"@context\":\"https:\\\/\\\/schema.org\",\"@graph\":[{\"@type\":\"Article\",\"@id\":\"https:\\\/\\\/ortafyc.com\\\/2023\\\/02\\\/14\\\/que-es-mei\\\/#article\",\"isPartOf\":{\"@id\":\"https:\\\/\\\/ortafyc.com\\\/2023\\\/02\\\/14\\\/que-es-mei\\\/\"},\"author\":{\"name\":\"Ortafyc\",\"@id\":\"https:\\\/\\\/ortafyc.com\\\/#\\\/schema\\\/person\\\/2f835e0d1e0e7591093faaee7bc8985c\"},\"headline\":\"\u00bfQu\u00e9 es el MEI y a qui\u00e9n afecta?\",\"datePublished\":\"2023-02-14T12:21:47+00:00\",\"dateModified\":\"2023-02-16T12:25:53+00:00\",\"mainEntityOfPage\":{\"@id\":\"https:\\\/\\\/ortafyc.com\\\/2023\\\/02\\\/14\\\/que-es-mei\\\/\"},\"wordCount\":418,\"commentCount\":0,\"publisher\":{\"@id\":\"https:\\\/\\\/ortafyc.com\\\/#organization\"},\"image\":{\"@id\":\"https:\\\/\\\/ortafyc.com\\\/2023\\\/02\\\/14\\\/que-es-mei\\\/#primaryimage\"},\"thumbnailUrl\":\"https:\\\/\\\/ortafyc.com\\\/wp-content\\\/uploads\\\/mei.jpg\",\"articleSection\":[\".\"],\"inLanguage\":\"en-US\",\"potentialAction\":[{\"@type\":\"CommentAction\",\"name\":\"Comment\",\"target\":[\"https:\\\/\\\/ortafyc.com\\\/2023\\\/02\\\/14\\\/que-es-mei\\\/#respond\"]}]},{\"@type\":\"WebPage\",\"@id\":\"https:\\\/\\\/ortafyc.com\\\/2023\\\/02\\\/14\\\/que-es-mei\\\/\",\"url\":\"https:\\\/\\\/ortafyc.com\\\/2023\\\/02\\\/14\\\/que-es-mei\\\/\",\"name\":\"\u00bfQu\u00e9 es el MEI y a qui\u00e9n afecta? - Orta Fiscalidad y Contabilidad\",\"isPartOf\":{\"@id\":\"https:\\\/\\\/ortafyc.com\\\/#website\"},\"primaryImageOfPage\":{\"@id\":\"https:\\\/\\\/ortafyc.com\\\/2023\\\/02\\\/14\\\/que-es-mei\\\/#primaryimage\"},\"image\":{\"@id\":\"https:\\\/\\\/ortafyc.com\\\/2023\\\/02\\\/14\\\/que-es-mei\\\/#primaryimage\"},\"thumbnailUrl\":\"https:\\\/\\\/ortafyc.com\\\/wp-content\\\/uploads\\\/mei.jpg\",\"datePublished\":\"2023-02-14T12:21:47+00:00\",\"dateModified\":\"2023-02-16T12:25:53+00:00\",\"description\":\"Desde el 1 de enero de 2023, un nuevo impuesto llamado Mecanismo de Equidad Intergeneracional (MEI) se ha incorporado en las n\u00f3minas.\",\"breadcrumb\":{\"@id\":\"https:\\\/\\\/ortafyc.com\\\/2023\\\/02\\\/14\\\/que-es-mei\\\/#breadcrumb\"},\"inLanguage\":\"en-US\",\"potentialAction\":[{\"@type\":\"ReadAction\",\"target\":[\"https:\\\/\\\/ortafyc.com\\\/2023\\\/02\\\/14\\\/que-es-mei\\\/\"]}]},{\"@type\":\"ImageObject\",\"inLanguage\":\"en-US\",\"@id\":\"https:\\\/\\\/ortafyc.com\\\/2023\\\/02\\\/14\\\/que-es-mei\\\/#primaryimage\",\"url\":\"https:\\\/\\\/ortafyc.com\\\/wp-content\\\/uploads\\\/mei.jpg\",\"contentUrl\":\"https:\\\/\\\/ortafyc.com\\\/wp-content\\\/uploads\\\/mei.jpg\",\"width\":299,\"height\":168,\"caption\":\"mei\"},{\"@type\":\"BreadcrumbList\",\"@id\":\"https:\\\/\\\/ortafyc.com\\\/2023\\\/02\\\/14\\\/que-es-mei\\\/#breadcrumb\",\"itemListElement\":[{\"@type\":\"ListItem\",\"position\":1,\"name\":\"Portada\",\"item\":\"https:\\\/\\\/ortafyc.com\\\/\"},{\"@type\":\"ListItem\",\"position\":2,\"name\":\"\u00bfQu\u00e9 es el MEI y a qui\u00e9n afecta?\"}]},{\"@type\":\"WebSite\",\"@id\":\"https:\\\/\\\/ortafyc.com\\\/#website\",\"url\":\"https:\\\/\\\/ortafyc.com\\\/\",\"name\":\"Orta Fiscalidad y Contabilidad\",\"description\":\"\",\"publisher\":{\"@id\":\"https:\\\/\\\/ortafyc.com\\\/#organization\"},\"potentialAction\":[{\"@type\":\"SearchAction\",\"target\":{\"@type\":\"EntryPoint\",\"urlTemplate\":\"https:\\\/\\\/ortafyc.com\\\/?s={search_term_string}\"},\"query-input\":{\"@type\":\"PropertyValueSpecification\",\"valueRequired\":true,\"valueName\":\"search_term_string\"}}],\"inLanguage\":\"en-US\"},{\"@type\":\"Organization\",\"@id\":\"https:\\\/\\\/ortafyc.com\\\/#organization\",\"name\":\"ortafyc\",\"url\":\"https:\\\/\\\/ortafyc.com\\\/\",\"logo\":{\"@type\":\"ImageObject\",\"inLanguage\":\"en-US\",\"@id\":\"https:\\\/\\\/ortafyc.com\\\/#\\\/schema\\\/logo\\\/image\\\/\",\"url\":\"https:\\\/\\\/ortafyc.com\\\/wp-content\\\/uploads\\\/LOGO_ORTA.png\",\"contentUrl\":\"https:\\\/\\\/ortafyc.com\\\/wp-content\\\/uploads\\\/LOGO_ORTA.png\",\"width\":974,\"height\":582,\"caption\":\"ortafyc\"},\"image\":{\"@id\":\"https:\\\/\\\/ortafyc.com\\\/#\\\/schema\\\/logo\\\/image\\\/\"},\"sameAs\":[\"https:\\\/\\\/www.facebook.com\\\/ortafyc\",\"https:\\\/\\\/www.instagram.com\\\/ortafyc\\\/\",\"https:\\\/\\\/www.linkedin.com\\\/in\\\/jos\u00e9-manuel-orta-mu\u00f1oz-69b718202\\\/\"]},{\"@type\":\"Person\",\"@id\":\"https:\\\/\\\/ortafyc.com\\\/#\\\/schema\\\/person\\\/2f835e0d1e0e7591093faaee7bc8985c\",\"name\":\"Ortafyc\",\"image\":{\"@type\":\"ImageObject\",\"inLanguage\":\"en-US\",\"@id\":\"https:\\\/\\\/secure.gravatar.com\\\/avatar\\\/05335e42b4d4be6bc6f26c614cc93a2e26867de232d656403893d7036324993b?s=96&d=mm&r=g\",\"url\":\"https:\\\/\\\/secure.gravatar.com\\\/avatar\\\/05335e42b4d4be6bc6f26c614cc93a2e26867de232d656403893d7036324993b?s=96&d=mm&r=g\",\"contentUrl\":\"https:\\\/\\\/secure.gravatar.com\\\/avatar\\\/05335e42b4d4be6bc6f26c614cc93a2e26867de232d656403893d7036324993b?s=96&d=mm&r=g\",\"caption\":\"Ortafyc\"}}]}<\/script>\n<!-- \/ Yoast SEO plugin. -->","yoast_head_json":{"title":"\u00bfQu\u00e9 es el MEI y a qui\u00e9n afecta? - Orta Fiscalidad y Contabilidad","description":"Desde el 1 de enero de 2023, un nuevo impuesto llamado Mecanismo de Equidad Intergeneracional (MEI) se ha incorporado en las n\u00f3minas.","robots":{"index":"index","follow":"follow","max-snippet":"max-snippet:-1","max-image-preview":"max-image-preview:large","max-video-preview":"max-video-preview:-1"},"canonical":"https:\/\/ortafyc.com\/en\/2023\/02\/14\/que-es-mei\/","og_locale":"en_US","og_type":"article","og_title":"\u00bfQu\u00e9 es el MEI y a qui\u00e9n afecta? - Orta Fiscalidad y Contabilidad","og_description":"Desde el 1 de enero de 2023, un nuevo impuesto llamado Mecanismo de Equidad Intergeneracional (MEI) se ha incorporado en las n\u00f3minas.","og_url":"https:\/\/ortafyc.com\/en\/2023\/02\/14\/que-es-mei\/","og_site_name":"Orta Fiscalidad y Contabilidad","article_publisher":"https:\/\/www.facebook.com\/ortafyc","article_published_time":"2023-02-14T12:21:47+00:00","article_modified_time":"2023-02-16T12:25:53+00:00","og_image":[{"width":299,"height":168,"url":"https:\/\/ortafyc.com\/wp-content\/uploads\/mei.jpg","type":"image\/jpeg"}],"author":"Ortafyc","twitter_card":"summary_large_image","twitter_misc":{"Written by":"Ortafyc","Est. reading time":"2 minutes"},"schema":{"@context":"https:\/\/schema.org","@graph":[{"@type":"Article","@id":"https:\/\/ortafyc.com\/2023\/02\/14\/que-es-mei\/#article","isPartOf":{"@id":"https:\/\/ortafyc.com\/2023\/02\/14\/que-es-mei\/"},"author":{"name":"Ortafyc","@id":"https:\/\/ortafyc.com\/#\/schema\/person\/2f835e0d1e0e7591093faaee7bc8985c"},"headline":"\u00bfQu\u00e9 es el MEI y a qui\u00e9n afecta?","datePublished":"2023-02-14T12:21:47+00:00","dateModified":"2023-02-16T12:25:53+00:00","mainEntityOfPage":{"@id":"https:\/\/ortafyc.com\/2023\/02\/14\/que-es-mei\/"},"wordCount":418,"commentCount":0,"publisher":{"@id":"https:\/\/ortafyc.com\/#organization"},"image":{"@id":"https:\/\/ortafyc.com\/2023\/02\/14\/que-es-mei\/#primaryimage"},"thumbnailUrl":"https:\/\/ortafyc.com\/wp-content\/uploads\/mei.jpg","articleSection":["."],"inLanguage":"en-US","potentialAction":[{"@type":"CommentAction","name":"Comment","target":["https:\/\/ortafyc.com\/2023\/02\/14\/que-es-mei\/#respond"]}]},{"@type":"WebPage","@id":"https:\/\/ortafyc.com\/2023\/02\/14\/que-es-mei\/","url":"https:\/\/ortafyc.com\/2023\/02\/14\/que-es-mei\/","name":"\u00bfQu\u00e9 es el MEI y a qui\u00e9n afecta? - Orta Fiscalidad y Contabilidad","isPartOf":{"@id":"https:\/\/ortafyc.com\/#website"},"primaryImageOfPage":{"@id":"https:\/\/ortafyc.com\/2023\/02\/14\/que-es-mei\/#primaryimage"},"image":{"@id":"https:\/\/ortafyc.com\/2023\/02\/14\/que-es-mei\/#primaryimage"},"thumbnailUrl":"https:\/\/ortafyc.com\/wp-content\/uploads\/mei.jpg","datePublished":"2023-02-14T12:21:47+00:00","dateModified":"2023-02-16T12:25:53+00:00","description":"Desde el 1 de enero de 2023, un nuevo impuesto llamado Mecanismo de Equidad Intergeneracional (MEI) se ha incorporado en las n\u00f3minas.","breadcrumb":{"@id":"https:\/\/ortafyc.com\/2023\/02\/14\/que-es-mei\/#breadcrumb"},"inLanguage":"en-US","potentialAction":[{"@type":"ReadAction","target":["https:\/\/ortafyc.com\/2023\/02\/14\/que-es-mei\/"]}]},{"@type":"ImageObject","inLanguage":"en-US","@id":"https:\/\/ortafyc.com\/2023\/02\/14\/que-es-mei\/#primaryimage","url":"https:\/\/ortafyc.com\/wp-content\/uploads\/mei.jpg","contentUrl":"https:\/\/ortafyc.com\/wp-content\/uploads\/mei.jpg","width":299,"height":168,"caption":"mei"},{"@type":"BreadcrumbList","@id":"https:\/\/ortafyc.com\/2023\/02\/14\/que-es-mei\/#breadcrumb","itemListElement":[{"@type":"ListItem","position":1,"name":"Portada","item":"https:\/\/ortafyc.com\/"},{"@type":"ListItem","position":2,"name":"\u00bfQu\u00e9 es el MEI y a qui\u00e9n afecta?"}]},{"@type":"WebSite","@id":"https:\/\/ortafyc.com\/#website","url":"https:\/\/ortafyc.com\/","name":"Orta Fiscalidad y Contabilidad","description":"","publisher":{"@id":"https:\/\/ortafyc.com\/#organization"},"potentialAction":[{"@type":"SearchAction","target":{"@type":"EntryPoint","urlTemplate":"https:\/\/ortafyc.com\/?s={search_term_string}"},"query-input":{"@type":"PropertyValueSpecification","valueRequired":true,"valueName":"search_term_string"}}],"inLanguage":"en-US"},{"@type":"Organization","@id":"https:\/\/ortafyc.com\/#organization","name":"ortafyc","url":"https:\/\/ortafyc.com\/","logo":{"@type":"ImageObject","inLanguage":"en-US","@id":"https:\/\/ortafyc.com\/#\/schema\/logo\/image\/","url":"https:\/\/ortafyc.com\/wp-content\/uploads\/LOGO_ORTA.png","contentUrl":"https:\/\/ortafyc.com\/wp-content\/uploads\/LOGO_ORTA.png","width":974,"height":582,"caption":"ortafyc"},"image":{"@id":"https:\/\/ortafyc.com\/#\/schema\/logo\/image\/"},"sameAs":["https:\/\/www.facebook.com\/ortafyc","https:\/\/www.instagram.com\/ortafyc\/","https:\/\/www.linkedin.com\/in\/jos\u00e9-manuel-orta-mu\u00f1oz-69b718202\/"]},{"@type":"Person","@id":"https:\/\/ortafyc.com\/#\/schema\/person\/2f835e0d1e0e7591093faaee7bc8985c","name":"Ortafyc","image":{"@type":"ImageObject","inLanguage":"en-US","@id":"https:\/\/secure.gravatar.com\/avatar\/05335e42b4d4be6bc6f26c614cc93a2e26867de232d656403893d7036324993b?s=96&d=mm&r=g","url":"https:\/\/secure.gravatar.com\/avatar\/05335e42b4d4be6bc6f26c614cc93a2e26867de232d656403893d7036324993b?s=96&d=mm&r=g","contentUrl":"https:\/\/secure.gravatar.com\/avatar\/05335e42b4d4be6bc6f26c614cc93a2e26867de232d656403893d7036324993b?s=96&d=mm&r=g","caption":"Ortafyc"}}]}},"_links":{"self":[{"href":"https:\/\/ortafyc.com\/en\/wp-json\/wp\/v2\/posts\/7527","targetHints":{"allow":["GET"]}}],"collection":[{"href":"https:\/\/ortafyc.com\/en\/wp-json\/wp\/v2\/posts"}],"about":[{"href":"https:\/\/ortafyc.com\/en\/wp-json\/wp\/v2\/types\/post"}],"author":[{"embeddable":true,"href":"https:\/\/ortafyc.com\/en\/wp-json\/wp\/v2\/users\/7"}],"replies":[{"embeddable":true,"href":"https:\/\/ortafyc.com\/en\/wp-json\/wp\/v2\/comments?post=7527"}],"version-history":[{"count":1,"href":"https:\/\/ortafyc.com\/en\/wp-json\/wp\/v2\/posts\/7527\/revisions"}],"predecessor-version":[{"id":7529,"href":"https:\/\/ortafyc.com\/en\/wp-json\/wp\/v2\/posts\/7527\/revisions\/7529"}],"wp:featuredmedia":[{"embeddable":true,"href":"https:\/\/ortafyc.com\/en\/wp-json\/wp\/v2\/media\/7528"}],"wp:attachment":[{"href":"https:\/\/ortafyc.com\/en\/wp-json\/wp\/v2\/media?parent=7527"}],"wp:term":[{"taxonomy":"category","embeddable":true,"href":"https:\/\/ortafyc.com\/en\/wp-json\/wp\/v2\/categories?post=7527"},{"taxonomy":"post_tag","embeddable":true,"href":"https:\/\/ortafyc.com\/en\/wp-json\/wp\/v2\/tags?post=7527"}],"curies":[{"name":"wp","href":"https:\/\/api.w.org\/{rel}","templated":true}]}}